{"id":1201,"date":"2022-08-30T12:07:18","date_gmt":"2022-08-30T12:07:18","guid":{"rendered":"https:\/\/puntkommaarop.nl\/?p=1201"},"modified":"2022-08-30T12:10:10","modified_gmt":"2022-08-30T12:10:10","slug":"wereld-suicide-preventie-dag","status":"publish","type":"post","link":"https:\/\/puntkommaarop.nl\/?p=1201","title":{"rendered":"Wereld su\u00efcide preventie dag"},"content":{"rendered":"<p>In de aanloop naar World Suicide Prevention Day 2022 op 10 september 2022 zijn er in de week voorafgaand (5-9 september) door het gehele land verschillende activiteiten en events.<br \/>\nWereld Su\u00efcide Preventie Dag is een dag om met elkaar stil te staan bij zelfdoding \u00e9n bij de waarde van het leven. Een van de belangrijkste doelen van Wereld Su\u00efcide Preventie Dag is &#8220;om het bewustzijn over su\u00efcidaal gedrag te vergroten en hoe dit effectief te voorkomen&#8221;, aldus de WHO.<\/p>\n<p><a href=\"https:\/\/walkintothelight.nl\/\" target=\"_blank\" rel=\"noopener\"><img data-recalc-dims=\"1\" loading=\"lazy\" decoding=\"async\" data-attachment-id=\"1209\" data-permalink=\"https:\/\/puntkommaarop.nl\/?attachment_id=1209\" data-orig-file=\"https:\/\/i0.wp.com\/puntkommaarop.nl\/wp-content\/uploads\/2022\/08\/Schermafbeelding-2022-08-30-om-14.02.03.png?fit=1283%2C506&amp;ssl=1\" data-orig-size=\"1283,506\" data-comments-opened=\"1\" data-image-meta=\"{&quot;aperture&quot;:&quot;0&quot;,&quot;credit&quot;:&quot;&quot;,&quot;camera&quot;:&quot;&quot;,&quot;caption&quot;:&quot;&quot;,&quot;created_timestamp&quot;:&quot;0&quot;,&quot;copyright&quot;:&quot;&quot;,&quot;focal_length&quot;:&quot;0&quot;,&quot;iso&quot;:&quot;0&quot;,&quot;shutter_speed&quot;:&quot;0&quot;,&quot;title&quot;:&quot;&quot;,&quot;orientation&quot;:&quot;0&quot;}\" data-image-title=\"Schermafbeelding 2022-08-30 om 14.02.03\" data-image-description=\"\" data-image-caption=\"\" data-medium-file=\"https:\/\/i0.wp.com\/puntkommaarop.nl\/wp-content\/uploads\/2022\/08\/Schermafbeelding-2022-08-30-om-14.02.03.png?fit=300%2C118&amp;ssl=1\" data-large-file=\"https:\/\/i0.wp.com\/puntkommaarop.nl\/wp-content\/uploads\/2022\/08\/Schermafbeelding-2022-08-30-om-14.02.03.png?fit=251%2C99&amp;ssl=1\" class=\"alignleft wp-image-1209 \" src=\"https:\/\/i0.wp.com\/puntkommaarop.nl\/wp-content\/uploads\/2022\/08\/Schermafbeelding-2022-08-30-om-14.02.03.png?resize=251%2C99&#038;ssl=1\" alt=\"\" width=\"251\" height=\"99\" srcset=\"https:\/\/i0.wp.com\/puntkommaarop.nl\/wp-content\/uploads\/2022\/08\/Schermafbeelding-2022-08-30-om-14.02.03.png?resize=300%2C118&amp;ssl=1 300w, https:\/\/i0.wp.com\/puntkommaarop.nl\/wp-content\/uploads\/2022\/08\/Schermafbeelding-2022-08-30-om-14.02.03.png?resize=1024%2C404&amp;ssl=1 1024w, https:\/\/i0.wp.com\/puntkommaarop.nl\/wp-content\/uploads\/2022\/08\/Schermafbeelding-2022-08-30-om-14.02.03.png?resize=768%2C303&amp;ssl=1 768w, https:\/\/i0.wp.com\/puntkommaarop.nl\/wp-content\/uploads\/2022\/08\/Schermafbeelding-2022-08-30-om-14.02.03.png?w=1283&amp;ssl=1 1283w, https:\/\/i0.wp.com\/puntkommaarop.nl\/wp-content\/uploads\/2022\/08\/Schermafbeelding-2022-08-30-om-14.02.03.png?w=502&amp;ssl=1 502w\" sizes=\"auto, (max-width: 251px) 100vw, 251px\" \/><\/a>In Zeeland is op maandag 5 september o.a. &#8217;the walk into the light.&#8217; Ikzelf loop hierbij mee en zal daarna met <a href=\"https:\/\/samenmindersuicide.nl\/roadtrip\/\" target=\"_blank\" rel=\"noopener\">de Roadtrip<\/a> meegaan naar Goes. Om daar bij het <span class=\"s4swhuz0 rifmn7f6\" spellcheck=\"false\">ADRZ Goes<\/span> en <span class=\"s4swhuz0 rifmn7f6\" spellcheck=\"false\">Emergis, centrum voor geestelijke gezondheidszorg<\/span> samen met andere ervaringsdeskundigen en hulpverleners van o.a. <span class=\"s4swhuz0 rifmn7f6\" spellcheck=\"false\">113 Zelfmoordpreventie<\/span> en <span class=\"s4swhuz0 rifmn7f6\" spellcheck=\"false\">Stichting HerstelTalent<\/span><br \/>\nJe bent van harte welkom om mee te lopen en\/of jouw verhaal te vertellen \ud83d\ude42 Ook op andere locatie in het hele land wordt er naar het licht gelopen. <a href=\"https:\/\/walkintothelight.nl\/\" target=\"_blank\" rel=\"noopener\">Kijk hier of op de afbeelding voor de locaties en\/of meer informatie.\u00a0<\/a><\/p>\n<p><a href=\"https:\/\/samenmindersuicide.nl\/\" target=\"_blank\" rel=\"noopener\"><img data-recalc-dims=\"1\" loading=\"lazy\" decoding=\"async\" data-attachment-id=\"1204\" data-permalink=\"https:\/\/puntkommaarop.nl\/?attachment_id=1204\" data-orig-file=\"https:\/\/i0.wp.com\/puntkommaarop.nl\/wp-content\/uploads\/2022\/08\/logo_Samen-minder-sui%CC%88cide_RGB-1-1.png?fit=200%2C90&amp;ssl=1\" data-orig-size=\"200,90\" data-comments-opened=\"1\" data-image-meta=\"{&quot;aperture&quot;:&quot;0&quot;,&quot;credit&quot;:&quot;&quot;,&quot;camera&quot;:&quot;&quot;,&quot;caption&quot;:&quot;&quot;,&quot;created_timestamp&quot;:&quot;0&quot;,&quot;copyright&quot;:&quot;&quot;,&quot;focal_length&quot;:&quot;0&quot;,&quot;iso&quot;:&quot;0&quot;,&quot;shutter_speed&quot;:&quot;0&quot;,&quot;title&quot;:&quot;&quot;,&quot;orientation&quot;:&quot;0&quot;}\" data-image-title=\"logo_Samen-minder-sui\u0308cide_RGB-1-1\" data-image-description=\"\" data-image-caption=\"\" data-medium-file=\"https:\/\/i0.wp.com\/puntkommaarop.nl\/wp-content\/uploads\/2022\/08\/logo_Samen-minder-sui%CC%88cide_RGB-1-1.png?fit=200%2C90&amp;ssl=1\" data-large-file=\"https:\/\/i0.wp.com\/puntkommaarop.nl\/wp-content\/uploads\/2022\/08\/logo_Samen-minder-sui%CC%88cide_RGB-1-1.png?fit=200%2C90&amp;ssl=1\" class=\"alignleft wp-image-1204 size-full\" src=\"https:\/\/i0.wp.com\/puntkommaarop.nl\/wp-content\/uploads\/2022\/08\/logo_Samen-minder-sui%CC%88cide_RGB-1-1.png?resize=200%2C90&#038;ssl=1\" alt=\"\" width=\"200\" height=\"90\" \/><\/a> <a href=\"http:\/\/https:\/\/www.suicidepreventiecentrum.nl\/\" target=\"_blank\" rel=\"noopener\"><img data-recalc-dims=\"1\" loading=\"lazy\" decoding=\"async\" data-attachment-id=\"1203\" data-permalink=\"https:\/\/puntkommaarop.nl\/?attachment_id=1203\" data-orig-file=\"https:\/\/i0.wp.com\/puntkommaarop.nl\/wp-content\/uploads\/2022\/08\/Logo-suicide-preventei-centrum.png?fit=1024%2C450&amp;ssl=1\" data-orig-size=\"1024,450\" data-comments-opened=\"1\" data-image-meta=\"{&quot;aperture&quot;:&quot;0&quot;,&quot;credit&quot;:&quot;&quot;,&quot;camera&quot;:&quot;&quot;,&quot;caption&quot;:&quot;&quot;,&quot;created_timestamp&quot;:&quot;0&quot;,&quot;copyright&quot;:&quot;&quot;,&quot;focal_length&quot;:&quot;0&quot;,&quot;iso&quot;:&quot;0&quot;,&quot;shutter_speed&quot;:&quot;0&quot;,&quot;title&quot;:&quot;&quot;,&quot;orientation&quot;:&quot;0&quot;}\" data-image-title=\"Logo suicide preventei centrum\" data-image-description=\"\" data-image-caption=\"\" data-medium-file=\"https:\/\/i0.wp.com\/puntkommaarop.nl\/wp-content\/uploads\/2022\/08\/Logo-suicide-preventei-centrum.png?fit=300%2C132&amp;ssl=1\" data-large-file=\"https:\/\/i0.wp.com\/puntkommaarop.nl\/wp-content\/uploads\/2022\/08\/Logo-suicide-preventei-centrum.png?fit=251%2C110&amp;ssl=1\" class=\"alignleft wp-image-1203 size-medium\" src=\"https:\/\/i0.wp.com\/puntkommaarop.nl\/wp-content\/uploads\/2022\/08\/Logo-suicide-preventei-centrum.png?resize=251%2C110&#038;ssl=1\" alt=\"\" width=\"251\" height=\"110\" srcset=\"https:\/\/i0.wp.com\/puntkommaarop.nl\/wp-content\/uploads\/2022\/08\/Logo-suicide-preventei-centrum.png?resize=300%2C132&amp;ssl=1 300w, https:\/\/i0.wp.com\/puntkommaarop.nl\/wp-content\/uploads\/2022\/08\/Logo-suicide-preventei-centrum.png?resize=768%2C338&amp;ssl=1 768w, https:\/\/i0.wp.com\/puntkommaarop.nl\/wp-content\/uploads\/2022\/08\/Logo-suicide-preventei-centrum.png?w=1024&amp;ssl=1 1024w, https:\/\/i0.wp.com\/puntkommaarop.nl\/wp-content\/uploads\/2022\/08\/Logo-suicide-preventei-centrum.png?w=502&amp;ssl=1 502w\" sizes=\"auto, (max-width: 251px) 100vw, 251px\" \/><\/a> <a href=\"http:\/\/https:\/\/hersteltalent.nl\/\" target=\"_blank\" rel=\"noopener\"><img data-recalc-dims=\"1\" loading=\"lazy\" decoding=\"async\" data-attachment-id=\"1202\" data-permalink=\"https:\/\/puntkommaarop.nl\/?attachment_id=1202\" data-orig-file=\"https:\/\/i0.wp.com\/puntkommaarop.nl\/wp-content\/uploads\/2022\/08\/Logo-Hersteltalent.jpeg?fit=353%2C143&amp;ssl=1\" data-orig-size=\"353,143\" data-comments-opened=\"1\" data-image-meta=\"{&quot;aperture&quot;:&quot;0&quot;,&quot;credit&quot;:&quot;&quot;,&quot;camera&quot;:&quot;&quot;,&quot;caption&quot;:&quot;&quot;,&quot;created_timestamp&quot;:&quot;0&quot;,&quot;copyright&quot;:&quot;&quot;,&quot;focal_length&quot;:&quot;0&quot;,&quot;iso&quot;:&quot;0&quot;,&quot;shutter_speed&quot;:&quot;0&quot;,&quot;title&quot;:&quot;&quot;,&quot;orientation&quot;:&quot;0&quot;}\" data-image-title=\"Logo Hersteltalent\" data-image-description=\"\" data-image-caption=\"\" data-medium-file=\"https:\/\/i0.wp.com\/puntkommaarop.nl\/wp-content\/uploads\/2022\/08\/Logo-Hersteltalent.jpeg?fit=300%2C122&amp;ssl=1\" data-large-file=\"https:\/\/i0.wp.com\/puntkommaarop.nl\/wp-content\/uploads\/2022\/08\/Logo-Hersteltalent.jpeg?fit=251%2C102&amp;ssl=1\" class=\"alignleft wp-image-1202 size-medium\" src=\"https:\/\/i0.wp.com\/puntkommaarop.nl\/wp-content\/uploads\/2022\/08\/Logo-Hersteltalent.jpeg?resize=251%2C102&#038;ssl=1\" alt=\"\" width=\"251\" height=\"102\" srcset=\"https:\/\/i0.wp.com\/puntkommaarop.nl\/wp-content\/uploads\/2022\/08\/Logo-Hersteltalent.jpeg?resize=300%2C122&amp;ssl=1 300w, https:\/\/i0.wp.com\/puntkommaarop.nl\/wp-content\/uploads\/2022\/08\/Logo-Hersteltalent.jpeg?w=353&amp;ssl=1 353w\" sizes=\"auto, (max-width: 251px) 100vw, 251px\" \/><\/a><a href=\"https:\/\/www.113.nl\/\" target=\"_blank\" rel=\"noopener\"><img data-recalc-dims=\"1\" loading=\"lazy\" decoding=\"async\" data-attachment-id=\"559\" data-permalink=\"https:\/\/puntkommaarop.nl\/?attachment_id=559\" data-orig-file=\"https:\/\/i0.wp.com\/puntkommaarop.nl\/wp-content\/uploads\/2018\/07\/113_logo.jpg?fit=225%2C225&amp;ssl=1\" data-orig-size=\"225,225\" data-comments-opened=\"1\" data-image-meta=\"{&quot;aperture&quot;:&quot;0&quot;,&quot;credit&quot;:&quot;&quot;,&quot;camera&quot;:&quot;&quot;,&quot;caption&quot;:&quot;&quot;,&quot;created_timestamp&quot;:&quot;0&quot;,&quot;copyright&quot;:&quot;&quot;,&quot;focal_length&quot;:&quot;0&quot;,&quot;iso&quot;:&quot;0&quot;,&quot;shutter_speed&quot;:&quot;0&quot;,&quot;title&quot;:&quot;&quot;,&quot;orientation&quot;:&quot;0&quot;}\" data-image-title=\"113_logo\" data-image-description=\"\" data-image-caption=\"\" data-medium-file=\"https:\/\/i0.wp.com\/puntkommaarop.nl\/wp-content\/uploads\/2018\/07\/113_logo.jpg?fit=225%2C225&amp;ssl=1\" data-large-file=\"https:\/\/i0.wp.com\/puntkommaarop.nl\/wp-content\/uploads\/2018\/07\/113_logo.jpg?fit=225%2C225&amp;ssl=1\" class=\"wp-image-559  alignleft\" src=\"https:\/\/i0.wp.com\/puntkommaarop.nl\/wp-content\/uploads\/2018\/07\/113_logo.jpg?resize=157%2C157&#038;ssl=1\" alt=\"\" width=\"157\" height=\"157\" srcset=\"https:\/\/i0.wp.com\/puntkommaarop.nl\/wp-content\/uploads\/2018\/07\/113_logo.jpg?w=225&amp;ssl=1 225w, https:\/\/i0.wp.com\/puntkommaarop.nl\/wp-content\/uploads\/2018\/07\/113_logo.jpg?resize=150%2C150&amp;ssl=1 150w\" sizes=\"auto, (max-width: 157px) 100vw, 157px\" \/><\/a><\/p>\n","protected":false},"excerpt":{"rendered":"<p>In de aanloop naar World Suicide Prevention Day 2022 op 10 september 2022 zijn er in de week voorafgaand (5-9 september) door het gehele land verschillende activiteiten en events. Wereld Su\u00efcide Preventie Dag is een dag om met elkaar stil te staan bij zelfdoding \u00e9n bij de waarde van het &hellip;<\/p>\n","protected":false},"author":2,"featured_media":1209,"comment_status":"open","ping_status":"closed","sticky":false,"template":"","format":"standard","meta":{"jetpack_post_was_ever_published":false,"_jetpack_newsletter_access":"","_jetpack_dont_email_post_to_subs":false,"_jetpack_newsletter_tier_id":0,"_jetpack_memberships_contains_paywalled_content":false,"_jetpack_memberships_contains_paid_content":false,"footnotes":"","jetpack_publicize_message":"In de aanloop naar World Suicide Prevention Day 2022 op 10 september 2022 zijn er in de week voorafgaand (5-9 september) door het gehele land verschillende activiteiten en events. \n","jetpack_publicize_feature_enabled":true,"jetpack_social_post_already_shared":true,"jetpack_social_options":{"image_generator_settings":{"template":"highway","default_image_id":0,"font":"","enabled":false},"version":2}},"categories":[2,3],"tags":[157,154,94],"class_list":["post-1201","post","type-post","status-publish","format-standard","has-post-thumbnail","hentry","category-ambassadeur-sszs","category-blogs","tag-vlissingen","tag-walk-into-the-light","tag-zeeland"],"jetpack_publicize_connections":[],"jetpack_featured_media_url":"https:\/\/i0.wp.com\/puntkommaarop.nl\/wp-content\/uploads\/2022\/08\/Schermafbeelding-2022-08-30-om-14.02.03.png?fit=1283%2C506&ssl=1","jetpack_sharing_enabled":true,"jetpack_shortlink":"https:\/\/wp.me\/p9bxtd-jn","jetpack-related-posts":[],"_links":{"self":[{"href":"https:\/\/puntkommaarop.nl\/index.php?rest_route=\/wp\/v2\/posts\/1201","targetHints":{"allow":["GET"]}}],"collection":[{"href":"https:\/\/puntkommaarop.nl\/index.php?rest_route=\/wp\/v2\/posts"}],"about":[{"href":"https:\/\/puntkommaarop.nl\/index.php?rest_route=\/wp\/v2\/types\/post"}],"author":[{"embeddable":true,"href":"https:\/\/puntkommaarop.nl\/index.php?rest_route=\/wp\/v2\/users\/2"}],"replies":[{"embeddable":true,"href":"https:\/\/puntkommaarop.nl\/index.php?rest_route=%2Fwp%2Fv2%2Fcomments&post=1201"}],"version-history":[{"count":9,"href":"https:\/\/puntkommaarop.nl\/index.php?rest_route=\/wp\/v2\/posts\/1201\/revisions"}],"predecessor-version":[{"id":1215,"href":"https:\/\/puntkommaarop.nl\/index.php?rest_route=\/wp\/v2\/posts\/1201\/revisions\/1215"}],"wp:featuredmedia":[{"embeddable":true,"href":"https:\/\/puntkommaarop.nl\/index.php?rest_route=\/wp\/v2\/media\/1209"}],"wp:attachment":[{"href":"https:\/\/puntkommaarop.nl\/index.php?rest_route=%2Fwp%2Fv2%2Fmedia&parent=1201"}],"wp:term":[{"taxonomy":"category","embeddable":true,"href":"https:\/\/puntkommaarop.nl\/index.php?rest_route=%2Fwp%2Fv2%2Fcategories&post=1201"},{"taxonomy":"post_tag","embeddable":true,"href":"https:\/\/puntkommaarop.nl\/index.php?rest_route=%2Fwp%2Fv2%2Ftags&post=1201"}],"curies":[{"name":"wp","href":"https:\/\/api.w.org\/{rel}","templated":true}]}}